{"id":2947,"date":"2021-02-09T06:29:47","date_gmt":"2021-02-09T03:29:47","guid":{"rendered":"https:\/\/www.senemasli.com\/sant-dentaire\/causes-du-grincement-et-de-la-compression-des-dents-bruxisme\/"},"modified":"2021-02-09T06:29:54","modified_gmt":"2021-02-09T03:29:54","slug":"causes-du-grincement-et-de-la-compression-des-dents-bruxisme","status":"publish","type":"post","link":"https:\/\/www.senemasli.com\/fr\/sant-dentaire\/causes-du-grincement-et-de-la-compression-des-dents-bruxisme\/","title":{"rendered":"Causes du grincement et de la compression des dents (bruxisme)?"},"content":{"rendered":"\n<p>Aussi connu sous le nom de bruxisme<strong><a href=\"https:\/\/www.senemasli.com\/fr\/traitements\/problemes-darticulation-et-de-serrage\/\" target=\"_blank\" rel=\"noreferrer noopener\"> l&rsquo;habitude de grincer et de serrer les dents,<\/a><\/strong> Il survient \u00e0 la suite de mouvements involontaires de la m\u00e2choire pendant le sommeil.<\/p>\n\n<p><strong>Serrer les dents pendant le sommeil<\/strong> peut se manifester par une fermeture soudaine de la m\u00e2choire et des grincements de dents chez les personnes qui ont l&rsquo;habitude de dormir la bouche ouverte. L&rsquo;activit\u00e9 musculaire est 3 fois plus \u00e9lev\u00e9e chez les personnes souffrant de troubles du sommeil que chez les personnes en bonne sant\u00e9. La force de contraction des muscles est plus \u00e9lev\u00e9e qu&rsquo;\u00e0 l&rsquo;\u00e9tat d&rsquo;\u00e9veil.<\/p>\n\n<p><strong>Parmi les causes du bruxisme<\/strong> la structure de la personnalit\u00e9, les facteurs g\u00e9n\u00e9tiques, les m\u00e9dicaments utilis\u00e9s et les probl\u00e8mes psychologiques neurologiques peuvent \u00eatre \u00e9num\u00e9r\u00e9s. Chez un patient qui a \u00e9t\u00e9 expos\u00e9 \u00e0 des effets psychologiques, l&rsquo;un des sympt\u00f4mes les plus \u00e9vidents dans le corps est la contraction constante. En plus de ces raisons, le nombre de dents manquantes, ayant des dents cari\u00e9es, des proth\u00e8ses mal fabriqu\u00e9es et un d\u00e9s\u00e9quilibre dans les tissus buccaux peuvent entra\u00eener des probl\u00e8mes de grincement des dents. <\/p>\n\n<h2 class=\"wp-block-heading\">Sympt\u00f4mes du probl\u00e8me de meulage et de serrage des dents<\/h2>\n\n<p>Les sympt\u00f4mes g\u00e9n\u00e9ralement observ\u00e9s chez les personnes qui ont l&rsquo;habitude de serrer les dents sont les suivants;<\/p>\n\n<ul class=\"wp-block-list\"><li>L&rsquo;\u00e9mail dentaire est expos\u00e9 \u00e0 une force excessive et la dent est plus sensible qu&rsquo;auparavant<\/li><li>Douleur dans la m\u00e2choire et resserrement des muscles de la m\u00e2choire en raison d&rsquo;un resserrement constant des dents<\/li><li>Bruits \u00e9lev\u00e9s pendant le broyage<\/li><li>Structure dentaire aplatie, cass\u00e9e et rel\u00e2ch\u00e9e par la force<\/li><li>Douleur dans les tempes due \u00e0 l&rsquo;utilisation des muscles du visage lors de l&rsquo;action de serrage<\/li><li>Maladie des gencives et perte de la structure osseuse<\/li><li>Formation de sensibilit\u00e9 lors de la consommation d&rsquo;aliments chauds et froids<\/li><li>Douleur articulaire le long de la m\u00e2choire<\/li><\/ul>\n\n<h2 class=\"wp-block-heading\">Pr\u00e9cautions et m\u00e9thodes de traitement du bruxisme<\/h2>\n\n<p><strong>Habitude de broyage et de compression externe<\/strong> peut \u00eatre att\u00e9nu\u00e9e en installant des plaques transparentes sp\u00e9cialement pr\u00e9par\u00e9es pour chaque patient avant de s&rsquo;endormir.<\/p>\n\n<p>Plaques transparentes; Il a un effet protecteur sur l&rsquo;articulation de la m\u00e2choire, les dents et les muscles de la m\u00e2choire. Pour l&rsquo;utilisation de la plaque dentaire, la personne doit subir un bon examen oral. \u00c0 ce stade, la structure des dents, leur disposition, leurs relations les unes avec les autres et les muscles du visage sont examin\u00e9s en d\u00e9tail. \u00c0 la suite de l&rsquo;examen, les plaques sont con\u00e7ues pour \u00eatre sp\u00e9ciales dans diff\u00e9rentes \u00e9paisseurs pour chaque patient. Ces plaques, appel\u00e9es plaques de nuit, sont pr\u00e9par\u00e9es dans un environnement de laboratoire par des dentistes sp\u00e9cialis\u00e9s dans ce domaine.<\/p>\n\n<p>Une autre alternative au traitement du bruxisme est l&rsquo;application de botox. La m\u00e9thode Botox est appliqu\u00e9e aux patients pour r\u00e9duire la force musculaire. \u00c9tant donn\u00e9 que les muscles du visage travaillent plus activement que la normale chez les personnes atteintes de la maladie de serrement des dents, cette situation peut \u00eatre att\u00e9nu\u00e9e dans une certaine mesure avec un traitement au botox. Par cons\u00e9quent, le botox est une m\u00e9thode efficace pour r\u00e9duire le resserrement de la m\u00e2choire en \u00e9quilibrant la force musculaire du visage. Les deux muscles qui assurent le mouvement des dents peuvent \u00eatre obtenus avec une fonction de mastication normale avec application de botox. Apr\u00e8s le traitement, l&rsquo;habitude de serrer les dents peut \u00eatre interrompue ou r\u00e9duite.<\/p>\n\n<h2 class=\"wp-block-heading\">La relation entre le bruxisme et le stress<\/h2>\n\n<p>De nombreux facteurs tels que les probl\u00e8mes psychologiques caus\u00e9s par la vie professionnelle, un stress excessif, une alimentation d\u00e9s\u00e9quilibr\u00e9e et moins de mouvements peuvent d\u00e9clencher le bruxisme. \u00c0 la suite de recherches, 8% des adultes ont un probl\u00e8me de serrement des dents pour des raisons psychologiques.<\/p>\n\n<p>En raison du stress, la tension dans les muscles devient plus que normale. La principale cause de cette tension est due \u00e0 l&rsquo;hormone du stress. Lors d&rsquo;un stress constant, les gens \u00e9prouvent des probl\u00e8mes de serrage et de grincement involontaires.<\/p>\n\n<p>Un conseiller psychologique autre que le dentiste peut \u00e9galement aider \u00e0 r\u00e9soudre ce trouble. Les plaques de nuit donn\u00e9es par les dentistes doivent \u00eatre utilis\u00e9es r\u00e9guli\u00e8rement pendant le processus de traitement.<\/p>\n","protected":false},"excerpt":{"rendered":"<p>Les habitudes de meulage et de compression des dents, \u00e9galement connues sous le nom de bruxisme, surviennent \u00e0 la suite de mouvements involontaires de la m\u00e2choire pendant le sommeil.<\/p>\n","protected":false},"author":1,"featured_media":1919,"comment_status":"open","ping_status":"open","sticky":false,"template":"","format":"standard","meta":{"footnotes":""},"categories":[38],"tags":[86],"class_list":["post-2947","post","type-post","status-publish","format-standard","has-post-thumbnail","hentry","category-sant-dentaire","tag-serrage-et-meulage"],"yoast_head":"<!-- This site is optimized with the Yoast SEO plugin v24.2 - https:\/\/yoast.com\/wordpress\/plugins\/seo\/ -->\n<title>Causes du grincement et de la compression des dents (bruxisme)? | Dt. S.A. Ek\u015fio\u011flu<\/title>\n<meta name=\"description\" content=\"Les habitudes de meulage et de compression des dents, \u00e9galement connues sous le nom de bruxisme, surviennent \u00e0 la suite de mouvements involontaires de la m\u00e2choire pendant le sommeil.\" \/>\n<meta name=\"robots\" content=\"index, follow, max-snippet:-1, max-image-preview:large, max-video-preview:-1\" \/>\n<link rel=\"canonical\" href=\"https:\/\/www.senemasli.com\/fr\/sant-dentaire\/causes-du-grincement-et-de-la-compression-des-dents-bruxisme\/\" \/>\n<meta property=\"og:locale\" content=\"fr_FR\" \/>\n<meta property=\"og:type\" content=\"article\" \/>\n<meta property=\"og:title\" content=\"Causes du grincement et de la compression des dents (bruxisme)? | Dt. Aper\u00e7u de la description de S.A. Ek\u015fio\u011flu meta:\" \/>\n<meta property=\"og:description\" content=\"Les habitudes de meulage et de compression des dents, \u00e9galement connues sous le nom de bruxisme, surviennent \u00e0 la suite de mouvements involontaires de la m\u00e2choire pendant le sommeil.\" \/>\n<meta property=\"og:url\" content=\"https:\/\/www.senemasli.com\/fr\/sant-dentaire\/causes-du-grincement-et-de-la-compression-des-dents-bruxisme\/\" \/>\n<meta property=\"og:site_name\" content=\"Dentiste Senem Asl\u0131 Ek\u015fio\u011flu\" \/>\n<meta property=\"article:publisher\" content=\"https:\/\/www.facebook.com\/D%c4%b0%c5%9e-HEK%c4%b0M%c4%b0-SENEM-ASLI-EK%c5%9e%c4%b0O%c4%9eLU-204782806266798\" \/>\n<meta property=\"article:published_time\" content=\"2021-02-09T03:29:47+00:00\" \/>\n<meta property=\"article:modified_time\" content=\"2021-02-09T03:29:54+00:00\" \/>\n<meta property=\"og:image\" content=\"https:\/\/www.senemasli.com\/wp-content\/uploads\/2015\/08\/dis-sikma-problemleri.jpg\" \/>\n<meta name=\"author\" content=\"senem\" \/>\n<meta name=\"twitter:card\" content=\"summary_large_image\" \/>\n<meta name=\"twitter:title\" content=\"Causes du grincement et de la compression des dents (bruxisme)? | Dt. Aper\u00e7u de la description de S.A. Ek\u015fio\u011flu meta:\" \/>\n<meta name=\"twitter:description\" content=\"Les habitudes de meulage et de compression des dents, \u00e9galement connues sous le nom de bruxisme, surviennent \u00e0 la suite de mouvements involontaires de la m\u00e2choire pendant le sommeil.\" \/>\n<meta name=\"twitter:image\" content=\"https:\/\/www.senemasli.com\/wp-content\/uploads\/2015\/08\/dis-sikma-problemleri.jpg\" \/>\n<meta name=\"twitter:label1\" content=\"\u00c9crit par\" \/>\n\t<meta name=\"twitter:data1\" content=\"senem\" \/>\n\t<meta name=\"twitter:label2\" content=\"Dur\u00e9e de lecture estim\u00e9e\" \/>\n\t<meta name=\"twitter:data2\" content=\"4 minutes\" \/>\n<script type=\"application\/ld+json\" class=\"yoast-schema-graph\">{\"@context\":\"https:\/\/schema.org\",\"@graph\":[{\"@type\":\"Article\",\"@id\":\"https:\/\/www.senemasli.com\/fr\/sant-dentaire\/causes-du-grincement-et-de-la-compression-des-dents-bruxisme\/#article\",\"isPartOf\":{\"@id\":\"https:\/\/www.senemasli.com\/fr\/sant-dentaire\/causes-du-grincement-et-de-la-compression-des-dents-bruxisme\/\"},\"author\":{\"name\":\"senem\",\"@id\":\"https:\/\/www.senemasli.com\/fr\/#\/schema\/person\/9644db30fdb40b66058696be9163f3db\"},\"headline\":\"Causes du grincement et de la compression des dents (bruxisme)?\",\"datePublished\":\"2021-02-09T03:29:47+00:00\",\"dateModified\":\"2021-02-09T03:29:54+00:00\",\"mainEntityOfPage\":{\"@id\":\"https:\/\/www.senemasli.com\/fr\/sant-dentaire\/causes-du-grincement-et-de-la-compression-des-dents-bruxisme\/\"},\"wordCount\":740,\"commentCount\":0,\"publisher\":{\"@id\":\"https:\/\/www.senemasli.com\/fr\/#organization\"},\"image\":{\"@id\":\"https:\/\/www.senemasli.com\/fr\/sant-dentaire\/causes-du-grincement-et-de-la-compression-des-dents-bruxisme\/#primaryimage\"},\"thumbnailUrl\":\"https:\/\/www.senemasli.com\/wp-content\/uploads\/2015\/08\/dis-sikma-problemleri.jpg\",\"keywords\":[\"Serrage et meulage\"],\"articleSection\":[\"Sant\u00e9 dentaire\"],\"inLanguage\":\"fr-FR\",\"potentialAction\":[{\"@type\":\"CommentAction\",\"name\":\"Comment\",\"target\":[\"https:\/\/www.senemasli.com\/fr\/sant-dentaire\/causes-du-grincement-et-de-la-compression-des-dents-bruxisme\/#respond\"]}]},{\"@type\":\"WebPage\",\"@id\":\"https:\/\/www.senemasli.com\/fr\/sant-dentaire\/causes-du-grincement-et-de-la-compression-des-dents-bruxisme\/\",\"url\":\"https:\/\/www.senemasli.com\/fr\/sant-dentaire\/causes-du-grincement-et-de-la-compression-des-dents-bruxisme\/\",\"name\":\"Causes du grincement et de la compression des dents (bruxisme)? | Dt. S.A. Ek\u015fio\u011flu\",\"isPartOf\":{\"@id\":\"https:\/\/www.senemasli.com\/fr\/#website\"},\"primaryImageOfPage\":{\"@id\":\"https:\/\/www.senemasli.com\/fr\/sant-dentaire\/causes-du-grincement-et-de-la-compression-des-dents-bruxisme\/#primaryimage\"},\"image\":{\"@id\":\"https:\/\/www.senemasli.com\/fr\/sant-dentaire\/causes-du-grincement-et-de-la-compression-des-dents-bruxisme\/#primaryimage\"},\"thumbnailUrl\":\"https:\/\/www.senemasli.com\/wp-content\/uploads\/2015\/08\/dis-sikma-problemleri.jpg\",\"datePublished\":\"2021-02-09T03:29:47+00:00\",\"dateModified\":\"2021-02-09T03:29:54+00:00\",\"description\":\"Les habitudes de meulage et de compression des dents, \u00e9galement connues sous le nom de bruxisme, surviennent \u00e0 la suite de mouvements involontaires de la m\u00e2choire pendant le sommeil.\",\"breadcrumb\":{\"@id\":\"https:\/\/www.senemasli.com\/fr\/sant-dentaire\/causes-du-grincement-et-de-la-compression-des-dents-bruxisme\/#breadcrumb\"},\"inLanguage\":\"fr-FR\",\"potentialAction\":[{\"@type\":\"ReadAction\",\"target\":[\"https:\/\/www.senemasli.com\/fr\/sant-dentaire\/causes-du-grincement-et-de-la-compression-des-dents-bruxisme\/\"]}]},{\"@type\":\"ImageObject\",\"inLanguage\":\"fr-FR\",\"@id\":\"https:\/\/www.senemasli.com\/fr\/sant-dentaire\/causes-du-grincement-et-de-la-compression-des-dents-bruxisme\/#primaryimage\",\"url\":\"https:\/\/www.senemasli.com\/wp-content\/uploads\/2015\/08\/dis-sikma-problemleri.jpg\",\"contentUrl\":\"https:\/\/www.senemasli.com\/wp-content\/uploads\/2015\/08\/dis-sikma-problemleri.jpg\",\"width\":1000,\"height\":667,\"caption\":\"Traitement des probl\u00e8mes articulaires et de serrage Bodrum Dentist\"},{\"@type\":\"BreadcrumbList\",\"@id\":\"https:\/\/www.senemasli.com\/fr\/sant-dentaire\/causes-du-grincement-et-de-la-compression-des-dents-bruxisme\/#breadcrumb\",\"itemListElement\":[{\"@type\":\"ListItem\",\"position\":1,\"name\":\"Anasayfa\",\"item\":\"https:\/\/www.senemasli.com\/fr\/\"},{\"@type\":\"ListItem\",\"position\":2,\"name\":\"Causes du grincement et de la compression des dents (bruxisme)?\"}]},{\"@type\":\"WebSite\",\"@id\":\"https:\/\/www.senemasli.com\/fr\/#website\",\"url\":\"https:\/\/www.senemasli.com\/fr\/\",\"name\":\"Dentiste Senem Asl\u0131 Ek\u015fio\u011flu\",\"description\":\"Bodrum\",\"publisher\":{\"@id\":\"https:\/\/www.senemasli.com\/fr\/#organization\"},\"potentialAction\":[{\"@type\":\"SearchAction\",\"target\":{\"@type\":\"EntryPoint\",\"urlTemplate\":\"https:\/\/www.senemasli.com\/fr\/?s={search_term_string}\"},\"query-input\":{\"@type\":\"PropertyValueSpecification\",\"valueRequired\":true,\"valueName\":\"search_term_string\"}}],\"inLanguage\":\"fr-FR\"},{\"@type\":\"Organization\",\"@id\":\"https:\/\/www.senemasli.com\/fr\/#organization\",\"name\":\"Dentiste Senem Asl\u0131 Ek\u015fio\u011flu - Bodrum, Mu\u011fla\",\"url\":\"https:\/\/www.senemasli.com\/fr\/\",\"logo\":{\"@type\":\"ImageObject\",\"inLanguage\":\"fr-FR\",\"@id\":\"https:\/\/www.senemasli.com\/fr\/#\/schema\/logo\/image\/\",\"url\":\"https:\/\/www.senemasli.com\/wp-content\/uploads\/2021\/01\/logo.png\",\"contentUrl\":\"https:\/\/www.senemasli.com\/wp-content\/uploads\/2021\/01\/logo.png\",\"width\":344,\"height\":120,\"caption\":\"Dentiste Senem Asl\u0131 Ek\u015fio\u011flu - Bodrum, Mu\u011fla\"},\"image\":{\"@id\":\"https:\/\/www.senemasli.com\/fr\/#\/schema\/logo\/image\/\"},\"sameAs\":[\"https:\/\/www.facebook.com\/D\u0130\u015e-HEK\u0130M\u0130-SENEM-ASLI-EK\u015e\u0130O\u011eLU-204782806266798\",\"https:\/\/www.instagram.com\/snmazoid\/\",\"https:\/\/www.linkedin.com\/in\/senem-asl\u0131-ek\u015fio\u011flu-350235204\/\"]},{\"@type\":\"Person\",\"@id\":\"https:\/\/www.senemasli.com\/fr\/#\/schema\/person\/9644db30fdb40b66058696be9163f3db\",\"name\":\"senem\",\"image\":{\"@type\":\"ImageObject\",\"inLanguage\":\"fr-FR\",\"@id\":\"https:\/\/www.senemasli.com\/fr\/#\/schema\/person\/image\/\",\"url\":\"https:\/\/secure.gravatar.com\/avatar\/d857d5615c2e4c22da4371341050d99ad6efeb92f614cb3ea24d90dd008c0732?s=96&d=mm&r=g\",\"contentUrl\":\"https:\/\/secure.gravatar.com\/avatar\/d857d5615c2e4c22da4371341050d99ad6efeb92f614cb3ea24d90dd008c0732?s=96&d=mm&r=g\",\"caption\":\"senem\"},\"sameAs\":[\"https:\/\/www.senemasli.com\"]}]}<\/script>\n<!-- \/ Yoast SEO plugin. -->","yoast_head_json":{"title":"Causes du grincement et de la compression des dents (bruxisme)? | Dt. S.A. Ek\u015fio\u011flu","description":"Les habitudes de meulage et de compression des dents, \u00e9galement connues sous le nom de bruxisme, surviennent \u00e0 la suite de mouvements involontaires de la m\u00e2choire pendant le sommeil.","robots":{"index":"index","follow":"follow","max-snippet":"max-snippet:-1","max-image-preview":"max-image-preview:large","max-video-preview":"max-video-preview:-1"},"canonical":"https:\/\/www.senemasli.com\/fr\/sant-dentaire\/causes-du-grincement-et-de-la-compression-des-dents-bruxisme\/","og_locale":"fr_FR","og_type":"article","og_title":"Causes du grincement et de la compression des dents (bruxisme)? | Dt. Aper\u00e7u de la description de S.A. Ek\u015fio\u011flu meta:","og_description":"Les habitudes de meulage et de compression des dents, \u00e9galement connues sous le nom de bruxisme, surviennent \u00e0 la suite de mouvements involontaires de la m\u00e2choire pendant le sommeil.","og_url":"https:\/\/www.senemasli.com\/fr\/sant-dentaire\/causes-du-grincement-et-de-la-compression-des-dents-bruxisme\/","og_site_name":"Dentiste Senem Asl\u0131 Ek\u015fio\u011flu","article_publisher":"https:\/\/www.facebook.com\/D%c4%b0%c5%9e-HEK%c4%b0M%c4%b0-SENEM-ASLI-EK%c5%9e%c4%b0O%c4%9eLU-204782806266798","article_published_time":"2021-02-09T03:29:47+00:00","article_modified_time":"2021-02-09T03:29:54+00:00","og_image":[{"url":"https:\/\/www.senemasli.com\/wp-content\/uploads\/2015\/08\/dis-sikma-problemleri.jpg","type":"","width":"","height":""}],"author":"senem","twitter_card":"summary_large_image","twitter_title":"Causes du grincement et de la compression des dents (bruxisme)? | Dt. Aper\u00e7u de la description de S.A. Ek\u015fio\u011flu meta:","twitter_description":"Les habitudes de meulage et de compression des dents, \u00e9galement connues sous le nom de bruxisme, surviennent \u00e0 la suite de mouvements involontaires de la m\u00e2choire pendant le sommeil.","twitter_image":"https:\/\/www.senemasli.com\/wp-content\/uploads\/2015\/08\/dis-sikma-problemleri.jpg","twitter_misc":{"\u00c9crit par":"senem","Dur\u00e9e de lecture estim\u00e9e":"4 minutes"},"schema":{"@context":"https:\/\/schema.org","@graph":[{"@type":"Article","@id":"https:\/\/www.senemasli.com\/fr\/sant-dentaire\/causes-du-grincement-et-de-la-compression-des-dents-bruxisme\/#article","isPartOf":{"@id":"https:\/\/www.senemasli.com\/fr\/sant-dentaire\/causes-du-grincement-et-de-la-compression-des-dents-bruxisme\/"},"author":{"name":"senem","@id":"https:\/\/www.senemasli.com\/fr\/#\/schema\/person\/9644db30fdb40b66058696be9163f3db"},"headline":"Causes du grincement et de la compression des dents (bruxisme)?","datePublished":"2021-02-09T03:29:47+00:00","dateModified":"2021-02-09T03:29:54+00:00","mainEntityOfPage":{"@id":"https:\/\/www.senemasli.com\/fr\/sant-dentaire\/causes-du-grincement-et-de-la-compression-des-dents-bruxisme\/"},"wordCount":740,"commentCount":0,"publisher":{"@id":"https:\/\/www.senemasli.com\/fr\/#organization"},"image":{"@id":"https:\/\/www.senemasli.com\/fr\/sant-dentaire\/causes-du-grincement-et-de-la-compression-des-dents-bruxisme\/#primaryimage"},"thumbnailUrl":"https:\/\/www.senemasli.com\/wp-content\/uploads\/2015\/08\/dis-sikma-problemleri.jpg","keywords":["Serrage et meulage"],"articleSection":["Sant\u00e9 dentaire"],"inLanguage":"fr-FR","potentialAction":[{"@type":"CommentAction","name":"Comment","target":["https:\/\/www.senemasli.com\/fr\/sant-dentaire\/causes-du-grincement-et-de-la-compression-des-dents-bruxisme\/#respond"]}]},{"@type":"WebPage","@id":"https:\/\/www.senemasli.com\/fr\/sant-dentaire\/causes-du-grincement-et-de-la-compression-des-dents-bruxisme\/","url":"https:\/\/www.senemasli.com\/fr\/sant-dentaire\/causes-du-grincement-et-de-la-compression-des-dents-bruxisme\/","name":"Causes du grincement et de la compression des dents (bruxisme)? | Dt. S.A. Ek\u015fio\u011flu","isPartOf":{"@id":"https:\/\/www.senemasli.com\/fr\/#website"},"primaryImageOfPage":{"@id":"https:\/\/www.senemasli.com\/fr\/sant-dentaire\/causes-du-grincement-et-de-la-compression-des-dents-bruxisme\/#primaryimage"},"image":{"@id":"https:\/\/www.senemasli.com\/fr\/sant-dentaire\/causes-du-grincement-et-de-la-compression-des-dents-bruxisme\/#primaryimage"},"thumbnailUrl":"https:\/\/www.senemasli.com\/wp-content\/uploads\/2015\/08\/dis-sikma-problemleri.jpg","datePublished":"2021-02-09T03:29:47+00:00","dateModified":"2021-02-09T03:29:54+00:00","description":"Les habitudes de meulage et de compression des dents, \u00e9galement connues sous le nom de bruxisme, surviennent \u00e0 la suite de mouvements involontaires de la m\u00e2choire pendant le sommeil.","breadcrumb":{"@id":"https:\/\/www.senemasli.com\/fr\/sant-dentaire\/causes-du-grincement-et-de-la-compression-des-dents-bruxisme\/#breadcrumb"},"inLanguage":"fr-FR","potentialAction":[{"@type":"ReadAction","target":["https:\/\/www.senemasli.com\/fr\/sant-dentaire\/causes-du-grincement-et-de-la-compression-des-dents-bruxisme\/"]}]},{"@type":"ImageObject","inLanguage":"fr-FR","@id":"https:\/\/www.senemasli.com\/fr\/sant-dentaire\/causes-du-grincement-et-de-la-compression-des-dents-bruxisme\/#primaryimage","url":"https:\/\/www.senemasli.com\/wp-content\/uploads\/2015\/08\/dis-sikma-problemleri.jpg","contentUrl":"https:\/\/www.senemasli.com\/wp-content\/uploads\/2015\/08\/dis-sikma-problemleri.jpg","width":1000,"height":667,"caption":"Traitement des probl\u00e8mes articulaires et de serrage Bodrum Dentist"},{"@type":"BreadcrumbList","@id":"https:\/\/www.senemasli.com\/fr\/sant-dentaire\/causes-du-grincement-et-de-la-compression-des-dents-bruxisme\/#breadcrumb","itemListElement":[{"@type":"ListItem","position":1,"name":"Anasayfa","item":"https:\/\/www.senemasli.com\/fr\/"},{"@type":"ListItem","position":2,"name":"Causes du grincement et de la compression des dents (bruxisme)?"}]},{"@type":"WebSite","@id":"https:\/\/www.senemasli.com\/fr\/#website","url":"https:\/\/www.senemasli.com\/fr\/","name":"Dentiste Senem Asl\u0131 Ek\u015fio\u011flu","description":"Bodrum","publisher":{"@id":"https:\/\/www.senemasli.com\/fr\/#organization"},"potentialAction":[{"@type":"SearchAction","target":{"@type":"EntryPoint","urlTemplate":"https:\/\/www.senemasli.com\/fr\/?s={search_term_string}"},"query-input":{"@type":"PropertyValueSpecification","valueRequired":true,"valueName":"search_term_string"}}],"inLanguage":"fr-FR"},{"@type":"Organization","@id":"https:\/\/www.senemasli.com\/fr\/#organization","name":"Dentiste Senem Asl\u0131 Ek\u015fio\u011flu - Bodrum, Mu\u011fla","url":"https:\/\/www.senemasli.com\/fr\/","logo":{"@type":"ImageObject","inLanguage":"fr-FR","@id":"https:\/\/www.senemasli.com\/fr\/#\/schema\/logo\/image\/","url":"https:\/\/www.senemasli.com\/wp-content\/uploads\/2021\/01\/logo.png","contentUrl":"https:\/\/www.senemasli.com\/wp-content\/uploads\/2021\/01\/logo.png","width":344,"height":120,"caption":"Dentiste Senem Asl\u0131 Ek\u015fio\u011flu - Bodrum, Mu\u011fla"},"image":{"@id":"https:\/\/www.senemasli.com\/fr\/#\/schema\/logo\/image\/"},"sameAs":["https:\/\/www.facebook.com\/D\u0130\u015e-HEK\u0130M\u0130-SENEM-ASLI-EK\u015e\u0130O\u011eLU-204782806266798","https:\/\/www.instagram.com\/snmazoid\/","https:\/\/www.linkedin.com\/in\/senem-asl\u0131-ek\u015fio\u011flu-350235204\/"]},{"@type":"Person","@id":"https:\/\/www.senemasli.com\/fr\/#\/schema\/person\/9644db30fdb40b66058696be9163f3db","name":"senem","image":{"@type":"ImageObject","inLanguage":"fr-FR","@id":"https:\/\/www.senemasli.com\/fr\/#\/schema\/person\/image\/","url":"https:\/\/secure.gravatar.com\/avatar\/d857d5615c2e4c22da4371341050d99ad6efeb92f614cb3ea24d90dd008c0732?s=96&d=mm&r=g","contentUrl":"https:\/\/secure.gravatar.com\/avatar\/d857d5615c2e4c22da4371341050d99ad6efeb92f614cb3ea24d90dd008c0732?s=96&d=mm&r=g","caption":"senem"},"sameAs":["https:\/\/www.senemasli.com"]}]}},"_links":{"self":[{"href":"https:\/\/www.senemasli.com\/fr\/wp-json\/wp\/v2\/posts\/2947","targetHints":{"allow":["GET"]}}],"collection":[{"href":"https:\/\/www.senemasli.com\/fr\/wp-json\/wp\/v2\/posts"}],"about":[{"href":"https:\/\/www.senemasli.com\/fr\/wp-json\/wp\/v2\/types\/post"}],"author":[{"embeddable":true,"href":"https:\/\/www.senemasli.com\/fr\/wp-json\/wp\/v2\/users\/1"}],"replies":[{"embeddable":true,"href":"https:\/\/www.senemasli.com\/fr\/wp-json\/wp\/v2\/comments?post=2947"}],"version-history":[{"count":6,"href":"https:\/\/www.senemasli.com\/fr\/wp-json\/wp\/v2\/posts\/2947\/revisions"}],"predecessor-version":[{"id":2953,"href":"https:\/\/www.senemasli.com\/fr\/wp-json\/wp\/v2\/posts\/2947\/revisions\/2953"}],"wp:featuredmedia":[{"embeddable":true,"href":"https:\/\/www.senemasli.com\/fr\/wp-json\/wp\/v2\/media\/1919"}],"wp:attachment":[{"href":"https:\/\/www.senemasli.com\/fr\/wp-json\/wp\/v2\/media?parent=2947"}],"wp:term":[{"taxonomy":"category","embeddable":true,"href":"https:\/\/www.senemasli.com\/fr\/wp-json\/wp\/v2\/categories?post=2947"},{"taxonomy":"post_tag","embeddable":true,"href":"https:\/\/www.senemasli.com\/fr\/wp-json\/wp\/v2\/tags?post=2947"}],"curies":[{"name":"wp","href":"https:\/\/api.w.org\/{rel}","templated":true}]}}