{"id":2926,"date":"2021-02-09T06:26:46","date_gmt":"2021-02-09T03:26:46","guid":{"rendered":"https:\/\/www.senemasli.com\/sant-dentaire\/dans-quelle-mesure-est-il-securitaire-daller-chez-le-dentiste-pendant-la-periode-pandemique\/"},"modified":"2021-02-09T06:26:47","modified_gmt":"2021-02-09T03:26:47","slug":"dans-quelle-mesure-est-il-securitaire-daller-chez-le-dentiste-pendant-la-periode-pandemique","status":"publish","type":"post","link":"https:\/\/www.senemasli.com\/fr\/sant-dentaire\/dans-quelle-mesure-est-il-securitaire-daller-chez-le-dentiste-pendant-la-periode-pandemique\/","title":{"rendered":"Dans quelle mesure est-il s\u00e9curitaire d&rsquo;aller chez le dentiste pendant la p\u00e9riode pand\u00e9mique?"},"content":{"rendered":"\n<p>Tenter de rester \u00e0 l&rsquo;\u00e9cart des \u00e9tablissements de sant\u00e9 dans les conditions de pand\u00e9mie d&rsquo;aujourd&rsquo;hui peut faire de petits probl\u00e8mes qui se transforment en probl\u00e8mes de sant\u00e9 majeurs \u00e0 long terme. Les probl\u00e8mes li\u00e9s \u00e0 la sant\u00e9 dentaire et bucco-dentaire sont parmi les plus importants.<\/p>\n\n<p>Les patients souffrant de maux de dents doivent \u00eatre examin\u00e9s imm\u00e9diatement. Parce que les dents qui ne sont pas trait\u00e9es \u00e0 temps peuvent causer \u00e0 la fois la perte de dents et de nombreux probl\u00e8mes de sant\u00e9.<\/p>\n\n<p>De nombreux dentistes ont pris des pr\u00e9cautions pour les maladies infectieuses. Presque tous les dentistes qui fournissent un environnement hygi\u00e9nique avec des outils tels que masques, gants, sperks et lunettes avant la pand\u00e9mie sont tr\u00e8s sensibles \u00e0 cet \u00e9gard. Les cliniques et cliniques, qui utilisent des \u00e9quipements de protection individuelle dans des conditions normales et prennent des mesures pour pr\u00e9venir la transmission de maladies infectieuses, ont encore renforc\u00e9 leurs mesures apr\u00e8s l&rsquo;\u00e9pid\u00e9mie de Kovid-19. \u00c0 quelques exceptions pr\u00e8s, nous pouvons dire que toutes mes cliniques et pratiques suivent ces pr\u00e9cautions. <\/p>\n\n<h2 class=\"wp-block-heading\">Mesures prises par les dentistes pendant la p\u00e9riode pand\u00e9mique<\/h2>\n\n<p>Les virus ont g\u00e9n\u00e9ralement une taille comprise entre 20 et 400 nm et sont trop petits pour \u00eatre vus \u00e0 l&rsquo;\u0153il nu. Pour cette raison, prendre des mesures strictes de protection contre les virus est devenu une n\u00e9cessit\u00e9 dans les \u00e9tablissements de sant\u00e9.<\/p>\n\n<p>\u00c9tant donn\u00e9 que les virus peuvent \u00eatre transmis par voie orale, les dentistes sont des travailleurs de la sant\u00e9 qui devraient appliquer les mesures les plus pr\u00e9ventives. Les risques d&rsquo;infection, tels que les virus et les bact\u00e9ries, doivent \u00eatre minimis\u00e9s dans l&rsquo;environnement d&rsquo;examen. \u00c0 cet \u00e9gard, les dentistes doivent prendre les pr\u00e9cautions suivantes dans leur environnement de travail;<\/p>\n\n<ul class=\"wp-block-list\"><li>Une blouse distincte doit \u00eatre utilis\u00e9e pour chaque patient. Les blouses chirurgicales jetables doivent \u00eatre pr\u00e9f\u00e9r\u00e9es.<\/li><li>Un masque, des lunettes, des lunettes anti-sperme et des gants bien protecteurs doivent \u00eatre utilis\u00e9s.<\/li><li>Tout l&rsquo;\u00e9quipement doit \u00eatre st\u00e9rilis\u00e9 et l&rsquo;op\u00e9ration doit \u00eatre commenc\u00e9e.<\/li><li>\u00c0 l&rsquo;exception de la r\u00e9gion de la bouche et des dents, le patient ne doit pas \u00eatre contact\u00e9.<\/li><li>L&rsquo;environnement doit \u00eatre bien ventil\u00e9 avant d&rsquo;intervenir chaque patient.<\/li><li>Si n\u00e9cessaire, la d\u00e9sinfection doit \u00eatre effectu\u00e9e avec des liquides sp\u00e9ciaux.<\/li><li>Chaque endroit touch\u00e9 par le patient doit \u00eatre nettoy\u00e9 avant l&rsquo;arriv\u00e9e du nouveau patient.<\/li><li>Un environnement bond\u00e9 ne doit pas \u00eatre cr\u00e9\u00e9 dans la salle d&rsquo;attente.<\/li><li>Un si\u00e8ge s\u00e9par\u00e9 et jetable doit \u00eatre utilis\u00e9 pour chaque patient.<\/li><\/ul>\n\n<h2 class=\"wp-block-heading\">Pourquoi les traitements dentaires ne devraient-ils pas \u00eatre report\u00e9s?<\/h2>\n\n<p>Les soins bucco-dentaires, les bilans de sant\u00e9 bucco-dentaire p\u00e9riodiques ne sont malheureusement pas devenus une habitude dans notre pays. Nous nous adressons principalement au dentiste en raison d&rsquo;urgences, de douleurs avanc\u00e9es telles que la formation d&rsquo;abc\u00e8s dans les dents et les gencives. <\/p>\n\n<p>La carie dentaire et les maladies des gencives avanc\u00e9es, qui affectent la sant\u00e9 g\u00e9n\u00e9rale et r\u00e9duisent la qualit\u00e9 de vie, sont des probl\u00e8mes de sant\u00e9 qui doivent \u00eatre intervenus en temps opportun. La plupart des patients, anxieux pendant la p\u00e9riode pand\u00e9mique, ont cherch\u00e9 des solutions aux maladies dentaires avec leurs propres m\u00e9thodes plut\u00f4t que de consulter un dentiste. Ces m\u00e9thodes de traitement, qui ne fonctionnaient g\u00e9n\u00e9ralement pas, ont peut-\u00eatre caus\u00e9 plus de d\u00e9g\u00e2ts.<\/p>\n\n<p>En retardant d&rsquo;aller chez le dentiste, vous pouvez subir les cons\u00e9quences suivantes;<\/p>\n\n<ul class=\"wp-block-list\"><li>Vous risquez de perdre compl\u00e8tement votre dent.<\/li><li>Parodontite avanc\u00e9e, telle que parodontite chronique<a href=\"https:\/\/www.senemasli.com\/fr\/traitements\/maladies-des-gencives\/\" target=\"_blank\" rel=\"noreferrer noopener\"><strong> maladie des gencives<\/strong><\/a> S&rsquo;il n&rsquo;est pas intervenu t\u00f4t, cela peut entra\u00eener des probl\u00e8mes permanents et la perte de dents. En outre, les maladies parodontales peuvent provoquer des infections cardiaques et pulmonaires, des l\u00e9sions locales de la bouche et des dents. \u00c0 ce stade, un diagnostic et une intervention pr\u00e9coces sont d&rsquo;une grande importance.<\/li><li>Chez les patients qui ne font pas attention aux soins bucco-dentaires et qui ont une mauvaise habitude de se brosser les dents, la dent et les bact\u00e9ries qui l&rsquo;entourent peuvent facilement p\u00e9n\u00e9trer dans le sang. En cons\u00e9quence, diverses maladies peuvent survenir.<\/li><\/ul>\n\n<h2 class=\"wp-block-heading\">Quelle est la meilleure d\u00e9cision \u00e0 prendre?<\/h2>\n\n<p>Comme nous l&rsquo;avons indiqu\u00e9, les dentistes ont port\u00e9 leurs pr\u00e9cautions actuelles \u00e0 un niveau sup\u00e9rieur pendant le processus de pand\u00e9mie. Pour cette raison, il est tr\u00e8s important pour votre sant\u00e9 de choisir le bon dentiste et de ne pas perturber votre traitement dentaire pendant la p\u00e9riode pand\u00e9mique.<\/p>\n\n<p>En cas de probl\u00e8mes dentaires graves avec douleur, saignement et gonflement, vous devez consulter un dentiste le plus t\u00f4t possible. La v\u00e9rit\u00e9 est que la pand\u00e9mie durera encore un certain temps dans nos vies. Pour cette raison, il ne serait pas logique de se faire attraper une autre maladie en s&rsquo;enfuyant.<\/p>\n\n<p>Les mesures Kovid-19 que nous avons prises dans notre bureau de Bodrum<a href=\"https:\/\/www.senemasli.com\/fr\/reponses-a-vos-questions\/\"><strong> Ici<\/strong><\/a> tu peux trouver. Nous souhaitons \u00e0 tous une journ\u00e9e saine et heureuse.<\/p>\n","protected":false},"excerpt":{"rendered":"<p>Tenter de rester \u00e0 l&rsquo;\u00e9cart des \u00e9tablissements de sant\u00e9 dans les conditions de pand\u00e9mie d&rsquo;aujourd&rsquo;hui peut faire de petits probl\u00e8mes qui se transforment en probl\u00e8mes de sant\u00e9 majeurs \u00e0 long terme. Les probl\u00e8mes li\u00e9s \u00e0 la sant\u00e9 dentaire et bucco-dentaire sont parmi les plus importants.<\/p>\n","protected":false},"author":1,"featured_media":1643,"comment_status":"open","ping_status":"open","sticky":false,"template":"","format":"standard","meta":{"footnotes":""},"categories":[38],"tags":[81],"class_list":["post-2926","post","type-post","status-publish","format-standard","has-post-thumbnail","hentry","category-sant-dentaire","tag-kovid-19-fr"],"yoast_head":"<!-- This site is optimized with the Yoast SEO plugin v24.2 - https:\/\/yoast.com\/wordpress\/plugins\/seo\/ -->\n<title>Dans quelle mesure est-il s\u00e9curitaire d&#039;aller chez le dentiste pendant la p\u00e9riode pand\u00e9mique? - Dt. SA E<\/title>\n<meta name=\"description\" content=\"Tenter de rester \u00e0 l&#039;\u00e9cart des \u00e9tablissements de sant\u00e9 en cas de pand\u00e9mie peut entra\u00eener des probl\u00e8mes de sant\u00e9 majeurs \u00e0 long terme.\" \/>\n<meta name=\"robots\" content=\"index, follow, max-snippet:-1, max-image-preview:large, max-video-preview:-1\" \/>\n<link rel=\"canonical\" href=\"https:\/\/www.senemasli.com\/fr\/sant-dentaire\/dans-quelle-mesure-est-il-securitaire-daller-chez-le-dentiste-pendant-la-periode-pandemique\/\" \/>\n<meta property=\"og:locale\" content=\"fr_FR\" \/>\n<meta property=\"og:type\" content=\"article\" \/>\n<meta property=\"og:title\" content=\"Dans quelle mesure est-il s\u00e9curitaire d&#039;aller chez le dentiste pendant la p\u00e9riode pand\u00e9mique? | Dt. SA E\" \/>\n<meta property=\"og:description\" content=\"Tenter de rester \u00e0 l&#039;\u00e9cart des \u00e9tablissements de sant\u00e9 en cas de pand\u00e9mie peut entra\u00eener des probl\u00e8mes de sant\u00e9 majeurs \u00e0 long terme.\" \/>\n<meta property=\"og:url\" content=\"https:\/\/www.senemasli.com\/fr\/sant-dentaire\/dans-quelle-mesure-est-il-securitaire-daller-chez-le-dentiste-pendant-la-periode-pandemique\/\" \/>\n<meta property=\"og:site_name\" content=\"Dentiste Senem Asl\u0131 Ek\u015fio\u011flu\" \/>\n<meta property=\"article:publisher\" content=\"https:\/\/www.facebook.com\/D%c4%b0%c5%9e-HEK%c4%b0M%c4%b0-SENEM-ASLI-EK%c5%9e%c4%b0O%c4%9eLU-204782806266798\" \/>\n<meta property=\"article:published_time\" content=\"2021-02-09T03:26:46+00:00\" \/>\n<meta property=\"article:modified_time\" content=\"2021-02-09T03:26:47+00:00\" \/>\n<meta property=\"og:image\" content=\"https:\/\/www.senemasli.com\/wp-content\/uploads\/2015\/08\/tools.jpg\" \/>\n<meta name=\"author\" content=\"senem\" \/>\n<meta name=\"twitter:card\" content=\"summary_large_image\" \/>\n<meta name=\"twitter:title\" content=\"Dans quelle mesure est-il s\u00e9curitaire d&#039;aller chez le dentiste pendant la p\u00e9riode pand\u00e9mique? | Dt. SA E\" \/>\n<meta name=\"twitter:description\" content=\"Tenter de rester \u00e0 l&#039;\u00e9cart des \u00e9tablissements de sant\u00e9 en cas de pand\u00e9mie peut entra\u00eener des probl\u00e8mes de sant\u00e9 majeurs \u00e0 long terme.\" \/>\n<meta name=\"twitter:image\" content=\"https:\/\/www.senemasli.com\/wp-content\/uploads\/2015\/08\/tools.jpg\" \/>\n<meta name=\"twitter:label1\" content=\"\u00c9crit par\" \/>\n\t<meta name=\"twitter:data1\" content=\"senem\" \/>\n\t<meta name=\"twitter:label2\" content=\"Dur\u00e9e de lecture estim\u00e9e\" \/>\n\t<meta name=\"twitter:data2\" content=\"4 minutes\" \/>\n<script type=\"application\/ld+json\" class=\"yoast-schema-graph\">{\"@context\":\"https:\/\/schema.org\",\"@graph\":[{\"@type\":\"Article\",\"@id\":\"https:\/\/www.senemasli.com\/fr\/sant-dentaire\/dans-quelle-mesure-est-il-securitaire-daller-chez-le-dentiste-pendant-la-periode-pandemique\/#article\",\"isPartOf\":{\"@id\":\"https:\/\/www.senemasli.com\/fr\/sant-dentaire\/dans-quelle-mesure-est-il-securitaire-daller-chez-le-dentiste-pendant-la-periode-pandemique\/\"},\"author\":{\"name\":\"senem\",\"@id\":\"https:\/\/www.senemasli.com\/fr\/#\/schema\/person\/9644db30fdb40b66058696be9163f3db\"},\"headline\":\"Dans quelle mesure est-il s\u00e9curitaire d&rsquo;aller chez le dentiste pendant la p\u00e9riode pand\u00e9mique?\",\"datePublished\":\"2021-02-09T03:26:46+00:00\",\"dateModified\":\"2021-02-09T03:26:47+00:00\",\"mainEntityOfPage\":{\"@id\":\"https:\/\/www.senemasli.com\/fr\/sant-dentaire\/dans-quelle-mesure-est-il-securitaire-daller-chez-le-dentiste-pendant-la-periode-pandemique\/\"},\"wordCount\":861,\"commentCount\":0,\"publisher\":{\"@id\":\"https:\/\/www.senemasli.com\/fr\/#organization\"},\"image\":{\"@id\":\"https:\/\/www.senemasli.com\/fr\/sant-dentaire\/dans-quelle-mesure-est-il-securitaire-daller-chez-le-dentiste-pendant-la-periode-pandemique\/#primaryimage\"},\"thumbnailUrl\":\"https:\/\/www.senemasli.com\/wp-content\/uploads\/2015\/08\/tools.jpg\",\"keywords\":[\"Kovid-19\"],\"articleSection\":[\"Sant\u00e9 dentaire\"],\"inLanguage\":\"fr-FR\",\"potentialAction\":[{\"@type\":\"CommentAction\",\"name\":\"Comment\",\"target\":[\"https:\/\/www.senemasli.com\/fr\/sant-dentaire\/dans-quelle-mesure-est-il-securitaire-daller-chez-le-dentiste-pendant-la-periode-pandemique\/#respond\"]}]},{\"@type\":\"WebPage\",\"@id\":\"https:\/\/www.senemasli.com\/fr\/sant-dentaire\/dans-quelle-mesure-est-il-securitaire-daller-chez-le-dentiste-pendant-la-periode-pandemique\/\",\"url\":\"https:\/\/www.senemasli.com\/fr\/sant-dentaire\/dans-quelle-mesure-est-il-securitaire-daller-chez-le-dentiste-pendant-la-periode-pandemique\/\",\"name\":\"Dans quelle mesure est-il s\u00e9curitaire d'aller chez le dentiste pendant la p\u00e9riode pand\u00e9mique? - Dt. SA E\",\"isPartOf\":{\"@id\":\"https:\/\/www.senemasli.com\/fr\/#website\"},\"primaryImageOfPage\":{\"@id\":\"https:\/\/www.senemasli.com\/fr\/sant-dentaire\/dans-quelle-mesure-est-il-securitaire-daller-chez-le-dentiste-pendant-la-periode-pandemique\/#primaryimage\"},\"image\":{\"@id\":\"https:\/\/www.senemasli.com\/fr\/sant-dentaire\/dans-quelle-mesure-est-il-securitaire-daller-chez-le-dentiste-pendant-la-periode-pandemique\/#primaryimage\"},\"thumbnailUrl\":\"https:\/\/www.senemasli.com\/wp-content\/uploads\/2015\/08\/tools.jpg\",\"datePublished\":\"2021-02-09T03:26:46+00:00\",\"dateModified\":\"2021-02-09T03:26:47+00:00\",\"description\":\"Tenter de rester \u00e0 l'\u00e9cart des \u00e9tablissements de sant\u00e9 en cas de pand\u00e9mie peut entra\u00eener des probl\u00e8mes de sant\u00e9 majeurs \u00e0 long terme.\",\"breadcrumb\":{\"@id\":\"https:\/\/www.senemasli.com\/fr\/sant-dentaire\/dans-quelle-mesure-est-il-securitaire-daller-chez-le-dentiste-pendant-la-periode-pandemique\/#breadcrumb\"},\"inLanguage\":\"fr-FR\",\"potentialAction\":[{\"@type\":\"ReadAction\",\"target\":[\"https:\/\/www.senemasli.com\/fr\/sant-dentaire\/dans-quelle-mesure-est-il-securitaire-daller-chez-le-dentiste-pendant-la-periode-pandemique\/\"]}]},{\"@type\":\"ImageObject\",\"inLanguage\":\"fr-FR\",\"@id\":\"https:\/\/www.senemasli.com\/fr\/sant-dentaire\/dans-quelle-mesure-est-il-securitaire-daller-chez-le-dentiste-pendant-la-periode-pandemique\/#primaryimage\",\"url\":\"https:\/\/www.senemasli.com\/wp-content\/uploads\/2015\/08\/tools.jpg\",\"contentUrl\":\"https:\/\/www.senemasli.com\/wp-content\/uploads\/2015\/08\/tools.jpg\",\"width\":1920,\"height\":1281,\"caption\":\"La visite chez le dentiste devrait-elle \u00eatre retard\u00e9e pendant la p\u00e9riode pand\u00e9mique?\"},{\"@type\":\"BreadcrumbList\",\"@id\":\"https:\/\/www.senemasli.com\/fr\/sant-dentaire\/dans-quelle-mesure-est-il-securitaire-daller-chez-le-dentiste-pendant-la-periode-pandemique\/#breadcrumb\",\"itemListElement\":[{\"@type\":\"ListItem\",\"position\":1,\"name\":\"Anasayfa\",\"item\":\"https:\/\/www.senemasli.com\/fr\/\"},{\"@type\":\"ListItem\",\"position\":2,\"name\":\"Dans quelle mesure est-il s\u00e9curitaire d&#8217;aller chez le dentiste pendant la p\u00e9riode pand\u00e9mique?\"}]},{\"@type\":\"WebSite\",\"@id\":\"https:\/\/www.senemasli.com\/fr\/#website\",\"url\":\"https:\/\/www.senemasli.com\/fr\/\",\"name\":\"Dentiste Senem Asl\u0131 Ek\u015fio\u011flu\",\"description\":\"Bodrum\",\"publisher\":{\"@id\":\"https:\/\/www.senemasli.com\/fr\/#organization\"},\"potentialAction\":[{\"@type\":\"SearchAction\",\"target\":{\"@type\":\"EntryPoint\",\"urlTemplate\":\"https:\/\/www.senemasli.com\/fr\/?s={search_term_string}\"},\"query-input\":{\"@type\":\"PropertyValueSpecification\",\"valueRequired\":true,\"valueName\":\"search_term_string\"}}],\"inLanguage\":\"fr-FR\"},{\"@type\":\"Organization\",\"@id\":\"https:\/\/www.senemasli.com\/fr\/#organization\",\"name\":\"Dentiste Senem Asl\u0131 Ek\u015fio\u011flu - Bodrum, Mu\u011fla\",\"url\":\"https:\/\/www.senemasli.com\/fr\/\",\"logo\":{\"@type\":\"ImageObject\",\"inLanguage\":\"fr-FR\",\"@id\":\"https:\/\/www.senemasli.com\/fr\/#\/schema\/logo\/image\/\",\"url\":\"https:\/\/www.senemasli.com\/wp-content\/uploads\/2021\/01\/logo.png\",\"contentUrl\":\"https:\/\/www.senemasli.com\/wp-content\/uploads\/2021\/01\/logo.png\",\"width\":344,\"height\":120,\"caption\":\"Dentiste Senem Asl\u0131 Ek\u015fio\u011flu - Bodrum, Mu\u011fla\"},\"image\":{\"@id\":\"https:\/\/www.senemasli.com\/fr\/#\/schema\/logo\/image\/\"},\"sameAs\":[\"https:\/\/www.facebook.com\/D\u0130\u015e-HEK\u0130M\u0130-SENEM-ASLI-EK\u015e\u0130O\u011eLU-204782806266798\",\"https:\/\/www.instagram.com\/snmazoid\/\",\"https:\/\/www.linkedin.com\/in\/senem-asl\u0131-ek\u015fio\u011flu-350235204\/\"]},{\"@type\":\"Person\",\"@id\":\"https:\/\/www.senemasli.com\/fr\/#\/schema\/person\/9644db30fdb40b66058696be9163f3db\",\"name\":\"senem\",\"image\":{\"@type\":\"ImageObject\",\"inLanguage\":\"fr-FR\",\"@id\":\"https:\/\/www.senemasli.com\/fr\/#\/schema\/person\/image\/\",\"url\":\"https:\/\/secure.gravatar.com\/avatar\/d857d5615c2e4c22da4371341050d99ad6efeb92f614cb3ea24d90dd008c0732?s=96&d=mm&r=g\",\"contentUrl\":\"https:\/\/secure.gravatar.com\/avatar\/d857d5615c2e4c22da4371341050d99ad6efeb92f614cb3ea24d90dd008c0732?s=96&d=mm&r=g\",\"caption\":\"senem\"},\"sameAs\":[\"https:\/\/www.senemasli.com\"]}]}<\/script>\n<!-- \/ Yoast SEO plugin. -->","yoast_head_json":{"title":"Dans quelle mesure est-il s\u00e9curitaire d'aller chez le dentiste pendant la p\u00e9riode pand\u00e9mique? - Dt. SA E","description":"Tenter de rester \u00e0 l'\u00e9cart des \u00e9tablissements de sant\u00e9 en cas de pand\u00e9mie peut entra\u00eener des probl\u00e8mes de sant\u00e9 majeurs \u00e0 long terme.","robots":{"index":"index","follow":"follow","max-snippet":"max-snippet:-1","max-image-preview":"max-image-preview:large","max-video-preview":"max-video-preview:-1"},"canonical":"https:\/\/www.senemasli.com\/fr\/sant-dentaire\/dans-quelle-mesure-est-il-securitaire-daller-chez-le-dentiste-pendant-la-periode-pandemique\/","og_locale":"fr_FR","og_type":"article","og_title":"Dans quelle mesure est-il s\u00e9curitaire d'aller chez le dentiste pendant la p\u00e9riode pand\u00e9mique? | Dt. SA E","og_description":"Tenter de rester \u00e0 l'\u00e9cart des \u00e9tablissements de sant\u00e9 en cas de pand\u00e9mie peut entra\u00eener des probl\u00e8mes de sant\u00e9 majeurs \u00e0 long terme.","og_url":"https:\/\/www.senemasli.com\/fr\/sant-dentaire\/dans-quelle-mesure-est-il-securitaire-daller-chez-le-dentiste-pendant-la-periode-pandemique\/","og_site_name":"Dentiste Senem Asl\u0131 Ek\u015fio\u011flu","article_publisher":"https:\/\/www.facebook.com\/D%c4%b0%c5%9e-HEK%c4%b0M%c4%b0-SENEM-ASLI-EK%c5%9e%c4%b0O%c4%9eLU-204782806266798","article_published_time":"2021-02-09T03:26:46+00:00","article_modified_time":"2021-02-09T03:26:47+00:00","og_image":[{"url":"https:\/\/www.senemasli.com\/wp-content\/uploads\/2015\/08\/tools.jpg","type":"","width":"","height":""}],"author":"senem","twitter_card":"summary_large_image","twitter_title":"Dans quelle mesure est-il s\u00e9curitaire d'aller chez le dentiste pendant la p\u00e9riode pand\u00e9mique? | Dt. SA E","twitter_description":"Tenter de rester \u00e0 l'\u00e9cart des \u00e9tablissements de sant\u00e9 en cas de pand\u00e9mie peut entra\u00eener des probl\u00e8mes de sant\u00e9 majeurs \u00e0 long terme.","twitter_image":"https:\/\/www.senemasli.com\/wp-content\/uploads\/2015\/08\/tools.jpg","twitter_misc":{"\u00c9crit par":"senem","Dur\u00e9e de lecture estim\u00e9e":"4 minutes"},"schema":{"@context":"https:\/\/schema.org","@graph":[{"@type":"Article","@id":"https:\/\/www.senemasli.com\/fr\/sant-dentaire\/dans-quelle-mesure-est-il-securitaire-daller-chez-le-dentiste-pendant-la-periode-pandemique\/#article","isPartOf":{"@id":"https:\/\/www.senemasli.com\/fr\/sant-dentaire\/dans-quelle-mesure-est-il-securitaire-daller-chez-le-dentiste-pendant-la-periode-pandemique\/"},"author":{"name":"senem","@id":"https:\/\/www.senemasli.com\/fr\/#\/schema\/person\/9644db30fdb40b66058696be9163f3db"},"headline":"Dans quelle mesure est-il s\u00e9curitaire d&rsquo;aller chez le dentiste pendant la p\u00e9riode pand\u00e9mique?","datePublished":"2021-02-09T03:26:46+00:00","dateModified":"2021-02-09T03:26:47+00:00","mainEntityOfPage":{"@id":"https:\/\/www.senemasli.com\/fr\/sant-dentaire\/dans-quelle-mesure-est-il-securitaire-daller-chez-le-dentiste-pendant-la-periode-pandemique\/"},"wordCount":861,"commentCount":0,"publisher":{"@id":"https:\/\/www.senemasli.com\/fr\/#organization"},"image":{"@id":"https:\/\/www.senemasli.com\/fr\/sant-dentaire\/dans-quelle-mesure-est-il-securitaire-daller-chez-le-dentiste-pendant-la-periode-pandemique\/#primaryimage"},"thumbnailUrl":"https:\/\/www.senemasli.com\/wp-content\/uploads\/2015\/08\/tools.jpg","keywords":["Kovid-19"],"articleSection":["Sant\u00e9 dentaire"],"inLanguage":"fr-FR","potentialAction":[{"@type":"CommentAction","name":"Comment","target":["https:\/\/www.senemasli.com\/fr\/sant-dentaire\/dans-quelle-mesure-est-il-securitaire-daller-chez-le-dentiste-pendant-la-periode-pandemique\/#respond"]}]},{"@type":"WebPage","@id":"https:\/\/www.senemasli.com\/fr\/sant-dentaire\/dans-quelle-mesure-est-il-securitaire-daller-chez-le-dentiste-pendant-la-periode-pandemique\/","url":"https:\/\/www.senemasli.com\/fr\/sant-dentaire\/dans-quelle-mesure-est-il-securitaire-daller-chez-le-dentiste-pendant-la-periode-pandemique\/","name":"Dans quelle mesure est-il s\u00e9curitaire d'aller chez le dentiste pendant la p\u00e9riode pand\u00e9mique? - Dt. SA E","isPartOf":{"@id":"https:\/\/www.senemasli.com\/fr\/#website"},"primaryImageOfPage":{"@id":"https:\/\/www.senemasli.com\/fr\/sant-dentaire\/dans-quelle-mesure-est-il-securitaire-daller-chez-le-dentiste-pendant-la-periode-pandemique\/#primaryimage"},"image":{"@id":"https:\/\/www.senemasli.com\/fr\/sant-dentaire\/dans-quelle-mesure-est-il-securitaire-daller-chez-le-dentiste-pendant-la-periode-pandemique\/#primaryimage"},"thumbnailUrl":"https:\/\/www.senemasli.com\/wp-content\/uploads\/2015\/08\/tools.jpg","datePublished":"2021-02-09T03:26:46+00:00","dateModified":"2021-02-09T03:26:47+00:00","description":"Tenter de rester \u00e0 l'\u00e9cart des \u00e9tablissements de sant\u00e9 en cas de pand\u00e9mie peut entra\u00eener des probl\u00e8mes de sant\u00e9 majeurs \u00e0 long terme.","breadcrumb":{"@id":"https:\/\/www.senemasli.com\/fr\/sant-dentaire\/dans-quelle-mesure-est-il-securitaire-daller-chez-le-dentiste-pendant-la-periode-pandemique\/#breadcrumb"},"inLanguage":"fr-FR","potentialAction":[{"@type":"ReadAction","target":["https:\/\/www.senemasli.com\/fr\/sant-dentaire\/dans-quelle-mesure-est-il-securitaire-daller-chez-le-dentiste-pendant-la-periode-pandemique\/"]}]},{"@type":"ImageObject","inLanguage":"fr-FR","@id":"https:\/\/www.senemasli.com\/fr\/sant-dentaire\/dans-quelle-mesure-est-il-securitaire-daller-chez-le-dentiste-pendant-la-periode-pandemique\/#primaryimage","url":"https:\/\/www.senemasli.com\/wp-content\/uploads\/2015\/08\/tools.jpg","contentUrl":"https:\/\/www.senemasli.com\/wp-content\/uploads\/2015\/08\/tools.jpg","width":1920,"height":1281,"caption":"La visite chez le dentiste devrait-elle \u00eatre retard\u00e9e pendant la p\u00e9riode pand\u00e9mique?"},{"@type":"BreadcrumbList","@id":"https:\/\/www.senemasli.com\/fr\/sant-dentaire\/dans-quelle-mesure-est-il-securitaire-daller-chez-le-dentiste-pendant-la-periode-pandemique\/#breadcrumb","itemListElement":[{"@type":"ListItem","position":1,"name":"Anasayfa","item":"https:\/\/www.senemasli.com\/fr\/"},{"@type":"ListItem","position":2,"name":"Dans quelle mesure est-il s\u00e9curitaire d&#8217;aller chez le dentiste pendant la p\u00e9riode pand\u00e9mique?"}]},{"@type":"WebSite","@id":"https:\/\/www.senemasli.com\/fr\/#website","url":"https:\/\/www.senemasli.com\/fr\/","name":"Dentiste Senem Asl\u0131 Ek\u015fio\u011flu","description":"Bodrum","publisher":{"@id":"https:\/\/www.senemasli.com\/fr\/#organization"},"potentialAction":[{"@type":"SearchAction","target":{"@type":"EntryPoint","urlTemplate":"https:\/\/www.senemasli.com\/fr\/?s={search_term_string}"},"query-input":{"@type":"PropertyValueSpecification","valueRequired":true,"valueName":"search_term_string"}}],"inLanguage":"fr-FR"},{"@type":"Organization","@id":"https:\/\/www.senemasli.com\/fr\/#organization","name":"Dentiste Senem Asl\u0131 Ek\u015fio\u011flu - Bodrum, Mu\u011fla","url":"https:\/\/www.senemasli.com\/fr\/","logo":{"@type":"ImageObject","inLanguage":"fr-FR","@id":"https:\/\/www.senemasli.com\/fr\/#\/schema\/logo\/image\/","url":"https:\/\/www.senemasli.com\/wp-content\/uploads\/2021\/01\/logo.png","contentUrl":"https:\/\/www.senemasli.com\/wp-content\/uploads\/2021\/01\/logo.png","width":344,"height":120,"caption":"Dentiste Senem Asl\u0131 Ek\u015fio\u011flu - Bodrum, Mu\u011fla"},"image":{"@id":"https:\/\/www.senemasli.com\/fr\/#\/schema\/logo\/image\/"},"sameAs":["https:\/\/www.facebook.com\/D\u0130\u015e-HEK\u0130M\u0130-SENEM-ASLI-EK\u015e\u0130O\u011eLU-204782806266798","https:\/\/www.instagram.com\/snmazoid\/","https:\/\/www.linkedin.com\/in\/senem-asl\u0131-ek\u015fio\u011flu-350235204\/"]},{"@type":"Person","@id":"https:\/\/www.senemasli.com\/fr\/#\/schema\/person\/9644db30fdb40b66058696be9163f3db","name":"senem","image":{"@type":"ImageObject","inLanguage":"fr-FR","@id":"https:\/\/www.senemasli.com\/fr\/#\/schema\/person\/image\/","url":"https:\/\/secure.gravatar.com\/avatar\/d857d5615c2e4c22da4371341050d99ad6efeb92f614cb3ea24d90dd008c0732?s=96&d=mm&r=g","contentUrl":"https:\/\/secure.gravatar.com\/avatar\/d857d5615c2e4c22da4371341050d99ad6efeb92f614cb3ea24d90dd008c0732?s=96&d=mm&r=g","caption":"senem"},"sameAs":["https:\/\/www.senemasli.com"]}]}},"_links":{"self":[{"href":"https:\/\/www.senemasli.com\/fr\/wp-json\/wp\/v2\/posts\/2926","targetHints":{"allow":["GET"]}}],"collection":[{"href":"https:\/\/www.senemasli.com\/fr\/wp-json\/wp\/v2\/posts"}],"about":[{"href":"https:\/\/www.senemasli.com\/fr\/wp-json\/wp\/v2\/types\/post"}],"author":[{"embeddable":true,"href":"https:\/\/www.senemasli.com\/fr\/wp-json\/wp\/v2\/users\/1"}],"replies":[{"embeddable":true,"href":"https:\/\/www.senemasli.com\/fr\/wp-json\/wp\/v2\/comments?post=2926"}],"version-history":[{"count":2,"href":"https:\/\/www.senemasli.com\/fr\/wp-json\/wp\/v2\/posts\/2926\/revisions"}],"predecessor-version":[{"id":2929,"href":"https:\/\/www.senemasli.com\/fr\/wp-json\/wp\/v2\/posts\/2926\/revisions\/2929"}],"wp:featuredmedia":[{"embeddable":true,"href":"https:\/\/www.senemasli.com\/fr\/wp-json\/wp\/v2\/media\/1643"}],"wp:attachment":[{"href":"https:\/\/www.senemasli.com\/fr\/wp-json\/wp\/v2\/media?parent=2926"}],"wp:term":[{"taxonomy":"category","embeddable":true,"href":"https:\/\/www.senemasli.com\/fr\/wp-json\/wp\/v2\/categories?post=2926"},{"taxonomy":"post_tag","embeddable":true,"href":"https:\/\/www.senemasli.com\/fr\/wp-json\/wp\/v2\/tags?post=2926"}],"curies":[{"name":"wp","href":"https:\/\/api.w.org\/{rel}","templated":true}]}}