{"id":2931,"date":"2021-02-09T06:27:28","date_gmt":"2021-02-09T03:27:28","guid":{"rendered":"https:\/\/www.senemasli.com\/zahngesundheit\/wie-sicher-ist-es-waehrend-der-pandemie-zum-zahnarzt-zu-gehen\/"},"modified":"2021-02-09T06:27:29","modified_gmt":"2021-02-09T03:27:29","slug":"wie-sicher-ist-es-waehrend-der-pandemie-zum-zahnarzt-zu-gehen","status":"publish","type":"post","link":"https:\/\/www.senemasli.com\/de\/zahngesundheit\/wie-sicher-ist-es-waehrend-der-pandemie-zum-zahnarzt-zu-gehen\/","title":{"rendered":"Wie sicher ist es, w\u00e4hrend der Pandemie zum Zahnarzt zu gehen?"},"content":{"rendered":"\n<p>Der Versuch, sich unter den heutigen Pandemiebedingungen von Gesundheitseinrichtungen fernzuhalten, kann dazu f\u00fchren, dass kleine Probleme langfristig zu gro\u00dfen Gesundheitsproblemen werden. Zu den wichtigsten z\u00e4hlen Probleme im Zusammenhang mit der Zahn- und Mundgesundheit.<\/p>\n\n<p>Patienten mit Zahnschmerzen sollten sofort untersucht werden. Denn Z\u00e4hne, die nicht rechtzeitig behandelt werden, k\u00f6nnen sowohl Zahnverlust als auch viele verschiedene Gesundheitsprobleme verursachen.<\/p>\n\n<p>Viele Zahn\u00e4rzte haben Vorkehrungen f\u00fcr Infektionskrankheiten getroffen. Fast alle Zahn\u00e4rzte, die vor der Pandemie ein hygienisches Umfeld mit Werkzeugen wie Masken, Handschuhen, Sperren und Gl\u00e4sern schaffen, sind in dieser Hinsicht sehr empfindlich. Kliniken und Kliniken, die unter normalen Bedingungen pers\u00f6nliche Schutzausr\u00fcstung verwenden und Ma\u00dfnahmen zur Verhinderung der \u00dcbertragung von Infektionskrankheiten ergreifen, haben ihre Ma\u00dfnahmen nach der Kovid-19-Epidemie weiter verst\u00e4rkt. Mit Ausnahmen k\u00f6nnen wir sagen, dass alle meine Kliniken und Praxen diese Vorsichtsma\u00dfnahmen befolgen. <\/p>\n\n<h2 class=\"wp-block-heading\">Ma\u00dfnahmen von Zahn\u00e4rzten w\u00e4hrend der Pandemie<\/h2>\n\n<p>Viren haben im Allgemeinen eine Gr\u00f6\u00dfe zwischen 20 und 400 nm und sind zu klein, um mit blo\u00dfem Auge gesehen zu werden. Aus diesem Grund sind strenge Ma\u00dfnahmen zum Schutz vor Viren in Gesundheitseinrichtungen zu einer Notwendigkeit geworden.<\/p>\n\n<p>Da Viren oral \u00fcbertragen werden k\u00f6nnen, sind Zahn\u00e4rzte Mitarbeiter des Gesundheitswesens, die die vorbeugendsten Ma\u00dfnahmen ergreifen sollten. Infektionsrisiken wie Viren und Bakterien sollten in der Untersuchungsumgebung minimiert werden. In diesem Zusammenhang sollten Zahn\u00e4rzte in ihrem Arbeitsumfeld die folgenden Vorsichtsma\u00dfnahmen treffen:<\/p>\n\n<ul class=\"wp-block-list\"><li>F\u00fcr jeden Patienten sollte ein separates Kleid verwendet werden. Einweg-Operationskittel sollten bevorzugt werden.<\/li><li>Es sollten eine gut sch\u00fctzende Maske, eine Schutzbrille, eine Spermabrille und Handschuhe verwendet werden.<\/li><li>Alle Ger\u00e4te sollten sterilisiert und der Betrieb gestartet werden.<\/li><li>Mit Ausnahme des Mund- und Zahnbereichs sollte der Patient nicht kontaktiert werden.<\/li><li>Die Umgebung sollte gut bel\u00fcftet sein, bevor jeder Patient eingreift.<\/li><li>Falls erforderlich, sollte die Desinfektion mit speziellen Fl\u00fcssigkeiten durchgef\u00fchrt werden.<\/li><li>Jeder Ort, den der Patient ber\u00fchrt, sollte gereinigt werden, bevor der neue Patient eintrifft.<\/li><li>Im Wartezimmer sollte keine \u00fcberf\u00fcllte Umgebung geschaffen werden.<\/li><li>F\u00fcr jeden Patienten sollte eine separate Einweg-Sitzeinheit verwendet werden.<\/li><\/ul>\n\n<h2 class=\"wp-block-heading\">Warum sollten Zahnbehandlungen nicht verschoben werden?<\/h2>\n\n<p>Mundpflege, regelm\u00e4\u00dfige Mund- und Zahngesundheitsuntersuchungen sind in unserem Land leider nicht zur Gewohnheit geworden. Wir wenden uns haupts\u00e4chlich an den Zahnarzt aufgrund von Notf\u00e4llen, fortgeschrittenen Schmerzen wie Abszessbildung in Z\u00e4hnen und Zahnfleisch. <\/p>\n\n<p>Karies und fortgeschrittene Zahnfleischerkrankungen, die sich auf die allgemeine Gesundheit auswirken und die Lebensqualit\u00e4t beeintr\u00e4chtigen, sind Gesundheitsprobleme, die rechtzeitig behoben werden m\u00fcssen. Die meisten Patienten, die w\u00e4hrend der Pandemie Angst hatten, suchten nach L\u00f6sungen f\u00fcr Zahnkrankheiten mit ihren eigenen Methoden, anstatt einen Zahnarzt zu konsultieren. Diese Behandlungsmethoden, die meistens nicht funktionierten, verursachten m\u00f6glicherweise mehr Schaden.<\/p>\n\n<p>Wenn Sie den Zahnarztbesuch verz\u00f6gern, k\u00f6nnen die folgenden Konsequenzen auftreten:<\/p>\n\n<ul class=\"wp-block-list\"><li>Sie k\u00f6nnen Ihren Zahn vollst\u00e4ndig verlieren.<\/li><li>Fortgeschrittene Parodontitis wie chronische Parodontitis<a href=\"https:\/\/www.senemasli.com\/de\/dienstleistungen\/zahnfleischerkrankungen\/\" target=\"_blank\" rel=\"noreferrer noopener\"><strong> Zahnfleischentz\u00fcndung<\/strong><\/a> Wenn nicht fr\u00fchzeitig eingegriffen wird, kann dies zu dauerhaften Problemen und Zahnverlust f\u00fchren. Dar\u00fcber hinaus k\u00f6nnen Parodontalerkrankungen Herz- und Lungeninfektionen sowie lokale Sch\u00e4den an Mund und Z\u00e4hnen verursachen. Zu diesem Zeitpunkt sind eine fr\u00fchzeitige Diagnose und Intervention von gro\u00dfer Bedeutung.<\/li><li>Bei Patienten, die nicht auf die Mundpflege achten und eine falsche Zahnputzgewohnheit haben, k\u00f6nnen der Zahn und die Bakterien um ihn herum leicht in das Blut gelangen. Infolgedessen k\u00f6nnen verschiedene Krankheiten auftreten.<\/li><\/ul>\n\n<h2 class=\"wp-block-heading\">Was ist die beste Entscheidung?<\/h2>\n\n<p>Wie bereits erw\u00e4hnt, haben Zahn\u00e4rzte ihre derzeitigen Vorsichtsma\u00dfnahmen w\u00e4hrend des Pandemieprozesses auf ein h\u00f6heres Niveau gebracht. Aus diesem Grund ist es f\u00fcr Ihre Gesundheit sehr wichtig, dass Sie den richtigen Zahnarzt ausw\u00e4hlen und Ihre Zahnbehandlung w\u00e4hrend der Pandemie nicht st\u00f6ren.<\/p>\n\n<p>Bei schwerwiegenden Zahnproblemen mit Schmerzen, Blutungen und Schwellungen sollten Sie so bald wie m\u00f6glich einen Zahnarzt konsultieren. Die Wahrheit ist, dass die Pandemie noch eine Weile in unserem Leben sein wird. Aus diesem Grund w\u00e4re es nicht logisch, sich auf der Flucht in eine andere Krankheit zu verwickeln.<\/p>\n\n<p>Die Kovid-19-Ma\u00dfnahmen, die wir in unserem B\u00fcro in Bodrum ergriffen haben<a href=\"https:\/\/www.senemasli.com\/de\/antworten-auf-ihre-fragen\/\"><strong> Hier<\/strong><\/a> Sie k\u00f6nnen finden. Wir w\u00fcnschen allen einen gesunden und gl\u00fccklichen Tag.<\/p>\n","protected":false},"excerpt":{"rendered":"<p>Der Versuch, sich unter den heutigen Pandemiebedingungen von Gesundheitseinrichtungen fernzuhalten, kann dazu f\u00fchren, dass kleine Probleme langfristig zu gro\u00dfen Gesundheitsproblemen werden. Zu den wichtigsten z\u00e4hlen Probleme im Zusammenhang mit der Zahn- und Mundgesundheit.<\/p>\n","protected":false},"author":1,"featured_media":1644,"comment_status":"open","ping_status":"open","sticky":false,"template":"","format":"standard","meta":{"footnotes":""},"categories":[37],"tags":[83],"class_list":["post-2931","post","type-post","status-publish","format-standard","has-post-thumbnail","hentry","category-zahngesundheit","tag-kovid-19-de"],"yoast_head":"<!-- This site is optimized with the Yoast SEO plugin v24.2 - https:\/\/yoast.com\/wordpress\/plugins\/seo\/ -->\n<title>Wie sicher ist es, w\u00e4hrend der Pandemie zum Zahnarzt zu gehen? - Dt. SA E.<\/title>\n<meta name=\"description\" content=\"Der Versuch, sich unter Pandemiebedingungen von Gesundheitseinrichtungen fernzuhalten, kann auf lange Sicht gro\u00dfe Gesundheitsprobleme verursachen.\" \/>\n<meta name=\"robots\" content=\"index, follow, max-snippet:-1, max-image-preview:large, max-video-preview:-1\" \/>\n<link rel=\"canonical\" href=\"https:\/\/www.senemasli.com\/de\/zahngesundheit\/wie-sicher-ist-es-waehrend-der-pandemie-zum-zahnarzt-zu-gehen\/\" \/>\n<meta property=\"og:locale\" content=\"de_DE\" \/>\n<meta property=\"og:type\" content=\"article\" \/>\n<meta property=\"og:title\" content=\"Wie sicher ist es, w\u00e4hrend der Pandemie zum Zahnarzt zu gehen? | Dt. S. A. E.\" \/>\n<meta property=\"og:description\" content=\"Der Versuch, sich unter Pandemiebedingungen von Gesundheitseinrichtungen fernzuhalten, kann auf lange Sicht gro\u00dfe Gesundheitsprobleme verursachen.\" \/>\n<meta property=\"og:url\" content=\"https:\/\/www.senemasli.com\/de\/zahngesundheit\/wie-sicher-ist-es-waehrend-der-pandemie-zum-zahnarzt-zu-gehen\/\" \/>\n<meta property=\"og:site_name\" content=\"Zahn\u00e4rztin Senem Asl\u0131 Ek\u015fio\u011flu\" \/>\n<meta property=\"article:publisher\" content=\"https:\/\/www.facebook.com\/D%c4%b0%c5%9e-HEK%c4%b0M%c4%b0-SENEM-ASLI-EK%c5%9e%c4%b0O%c4%9eLU-204782806266798\" \/>\n<meta property=\"article:published_time\" content=\"2021-02-09T03:27:28+00:00\" \/>\n<meta property=\"article:modified_time\" content=\"2021-02-09T03:27:29+00:00\" \/>\n<meta property=\"og:image\" content=\"https:\/\/www.senemasli.com\/wp-content\/uploads\/2015\/08\/tools.jpg\" \/>\n<meta name=\"author\" content=\"senem\" \/>\n<meta name=\"twitter:card\" content=\"summary_large_image\" \/>\n<meta name=\"twitter:title\" content=\"Wie sicher ist es, w\u00e4hrend der Pandemie zum Zahnarzt zu gehen? | Dt. SA E.\" \/>\n<meta name=\"twitter:description\" content=\"Der Versuch, sich unter Pandemiebedingungen von Gesundheitseinrichtungen fernzuhalten, kann auf lange Sicht gro\u00dfe Gesundheitsprobleme verursachen.\" \/>\n<meta name=\"twitter:image\" content=\"https:\/\/www.senemasli.com\/wp-content\/uploads\/2015\/08\/tools.jpg\" \/>\n<meta name=\"twitter:label1\" content=\"Verfasst von\" \/>\n\t<meta name=\"twitter:data1\" content=\"senem\" \/>\n\t<meta name=\"twitter:label2\" content=\"Gesch\u00e4tzte Lesezeit\" \/>\n\t<meta name=\"twitter:data2\" content=\"3\u00a0Minuten\" \/>\n<script type=\"application\/ld+json\" class=\"yoast-schema-graph\">{\"@context\":\"https:\/\/schema.org\",\"@graph\":[{\"@type\":\"Article\",\"@id\":\"https:\/\/www.senemasli.com\/de\/zahngesundheit\/wie-sicher-ist-es-waehrend-der-pandemie-zum-zahnarzt-zu-gehen\/#article\",\"isPartOf\":{\"@id\":\"https:\/\/www.senemasli.com\/de\/zahngesundheit\/wie-sicher-ist-es-waehrend-der-pandemie-zum-zahnarzt-zu-gehen\/\"},\"author\":{\"name\":\"senem\",\"@id\":\"https:\/\/www.senemasli.com\/de\/#\/schema\/person\/9644db30fdb40b66058696be9163f3db\"},\"headline\":\"Wie sicher ist es, w\u00e4hrend der Pandemie zum Zahnarzt zu gehen?\",\"datePublished\":\"2021-02-09T03:27:28+00:00\",\"dateModified\":\"2021-02-09T03:27:29+00:00\",\"mainEntityOfPage\":{\"@id\":\"https:\/\/www.senemasli.com\/de\/zahngesundheit\/wie-sicher-ist-es-waehrend-der-pandemie-zum-zahnarzt-zu-gehen\/\"},\"wordCount\":705,\"commentCount\":0,\"publisher\":{\"@id\":\"https:\/\/www.senemasli.com\/de\/#organization\"},\"image\":{\"@id\":\"https:\/\/www.senemasli.com\/de\/zahngesundheit\/wie-sicher-ist-es-waehrend-der-pandemie-zum-zahnarzt-zu-gehen\/#primaryimage\"},\"thumbnailUrl\":\"https:\/\/www.senemasli.com\/wp-content\/uploads\/2015\/08\/tools.jpg\",\"keywords\":[\"Kovid-19\"],\"articleSection\":[\"Zahngesundheit\"],\"inLanguage\":\"de\",\"potentialAction\":[{\"@type\":\"CommentAction\",\"name\":\"Comment\",\"target\":[\"https:\/\/www.senemasli.com\/de\/zahngesundheit\/wie-sicher-ist-es-waehrend-der-pandemie-zum-zahnarzt-zu-gehen\/#respond\"]}]},{\"@type\":\"WebPage\",\"@id\":\"https:\/\/www.senemasli.com\/de\/zahngesundheit\/wie-sicher-ist-es-waehrend-der-pandemie-zum-zahnarzt-zu-gehen\/\",\"url\":\"https:\/\/www.senemasli.com\/de\/zahngesundheit\/wie-sicher-ist-es-waehrend-der-pandemie-zum-zahnarzt-zu-gehen\/\",\"name\":\"Wie sicher ist es, w\u00e4hrend der Pandemie zum Zahnarzt zu gehen? - Dt. SA E.\",\"isPartOf\":{\"@id\":\"https:\/\/www.senemasli.com\/de\/#website\"},\"primaryImageOfPage\":{\"@id\":\"https:\/\/www.senemasli.com\/de\/zahngesundheit\/wie-sicher-ist-es-waehrend-der-pandemie-zum-zahnarzt-zu-gehen\/#primaryimage\"},\"image\":{\"@id\":\"https:\/\/www.senemasli.com\/de\/zahngesundheit\/wie-sicher-ist-es-waehrend-der-pandemie-zum-zahnarzt-zu-gehen\/#primaryimage\"},\"thumbnailUrl\":\"https:\/\/www.senemasli.com\/wp-content\/uploads\/2015\/08\/tools.jpg\",\"datePublished\":\"2021-02-09T03:27:28+00:00\",\"dateModified\":\"2021-02-09T03:27:29+00:00\",\"description\":\"Der Versuch, sich unter Pandemiebedingungen von Gesundheitseinrichtungen fernzuhalten, kann auf lange Sicht gro\u00dfe Gesundheitsprobleme verursachen.\",\"breadcrumb\":{\"@id\":\"https:\/\/www.senemasli.com\/de\/zahngesundheit\/wie-sicher-ist-es-waehrend-der-pandemie-zum-zahnarzt-zu-gehen\/#breadcrumb\"},\"inLanguage\":\"de\",\"potentialAction\":[{\"@type\":\"ReadAction\",\"target\":[\"https:\/\/www.senemasli.com\/de\/zahngesundheit\/wie-sicher-ist-es-waehrend-der-pandemie-zum-zahnarzt-zu-gehen\/\"]}]},{\"@type\":\"ImageObject\",\"inLanguage\":\"de\",\"@id\":\"https:\/\/www.senemasli.com\/de\/zahngesundheit\/wie-sicher-ist-es-waehrend-der-pandemie-zum-zahnarzt-zu-gehen\/#primaryimage\",\"url\":\"https:\/\/www.senemasli.com\/wp-content\/uploads\/2015\/08\/tools.jpg\",\"contentUrl\":\"https:\/\/www.senemasli.com\/wp-content\/uploads\/2015\/08\/tools.jpg\",\"width\":1920,\"height\":1281,\"caption\":\"Sollte sich der Zahnarztbesuch w\u00e4hrend der Pandemie verz\u00f6gern?\"},{\"@type\":\"BreadcrumbList\",\"@id\":\"https:\/\/www.senemasli.com\/de\/zahngesundheit\/wie-sicher-ist-es-waehrend-der-pandemie-zum-zahnarzt-zu-gehen\/#breadcrumb\",\"itemListElement\":[{\"@type\":\"ListItem\",\"position\":1,\"name\":\"Anasayfa\",\"item\":\"https:\/\/www.senemasli.com\/de\/\"},{\"@type\":\"ListItem\",\"position\":2,\"name\":\"Wie sicher ist es, w\u00e4hrend der Pandemie zum Zahnarzt zu gehen?\"}]},{\"@type\":\"WebSite\",\"@id\":\"https:\/\/www.senemasli.com\/de\/#website\",\"url\":\"https:\/\/www.senemasli.com\/de\/\",\"name\":\"Zahn\u00e4rztin Senem Asl\u0131 Ek\u015fio\u011flu\",\"description\":\"Bodrum\",\"publisher\":{\"@id\":\"https:\/\/www.senemasli.com\/de\/#organization\"},\"potentialAction\":[{\"@type\":\"SearchAction\",\"target\":{\"@type\":\"EntryPoint\",\"urlTemplate\":\"https:\/\/www.senemasli.com\/de\/?s={search_term_string}\"},\"query-input\":{\"@type\":\"PropertyValueSpecification\",\"valueRequired\":true,\"valueName\":\"search_term_string\"}}],\"inLanguage\":\"de\"},{\"@type\":\"Organization\",\"@id\":\"https:\/\/www.senemasli.com\/de\/#organization\",\"name\":\"Zahn\u00e4rztin Senem Asl\u0131 Ek\u015fio\u011flu - Bodrum, Mu\u011fla\",\"url\":\"https:\/\/www.senemasli.com\/de\/\",\"logo\":{\"@type\":\"ImageObject\",\"inLanguage\":\"de\",\"@id\":\"https:\/\/www.senemasli.com\/de\/#\/schema\/logo\/image\/\",\"url\":\"https:\/\/www.senemasli.com\/wp-content\/uploads\/2021\/01\/logo.png\",\"contentUrl\":\"https:\/\/www.senemasli.com\/wp-content\/uploads\/2021\/01\/logo.png\",\"width\":344,\"height\":120,\"caption\":\"Zahn\u00e4rztin Senem Asl\u0131 Ek\u015fio\u011flu - Bodrum, Mu\u011fla\"},\"image\":{\"@id\":\"https:\/\/www.senemasli.com\/de\/#\/schema\/logo\/image\/\"},\"sameAs\":[\"https:\/\/www.facebook.com\/D\u0130\u015e-HEK\u0130M\u0130-SENEM-ASLI-EK\u015e\u0130O\u011eLU-204782806266798\",\"https:\/\/www.instagram.com\/snmazoid\/\",\"https:\/\/www.linkedin.com\/in\/senem-asl\u0131-ek\u015fio\u011flu-350235204\/\"]},{\"@type\":\"Person\",\"@id\":\"https:\/\/www.senemasli.com\/de\/#\/schema\/person\/9644db30fdb40b66058696be9163f3db\",\"name\":\"senem\",\"image\":{\"@type\":\"ImageObject\",\"inLanguage\":\"de\",\"@id\":\"https:\/\/www.senemasli.com\/de\/#\/schema\/person\/image\/\",\"url\":\"https:\/\/secure.gravatar.com\/avatar\/d857d5615c2e4c22da4371341050d99ad6efeb92f614cb3ea24d90dd008c0732?s=96&d=mm&r=g\",\"contentUrl\":\"https:\/\/secure.gravatar.com\/avatar\/d857d5615c2e4c22da4371341050d99ad6efeb92f614cb3ea24d90dd008c0732?s=96&d=mm&r=g\",\"caption\":\"senem\"},\"sameAs\":[\"https:\/\/www.senemasli.com\"]}]}<\/script>\n<!-- \/ Yoast SEO plugin. -->","yoast_head_json":{"title":"Wie sicher ist es, w\u00e4hrend der Pandemie zum Zahnarzt zu gehen? - Dt. SA E.","description":"Der Versuch, sich unter Pandemiebedingungen von Gesundheitseinrichtungen fernzuhalten, kann auf lange Sicht gro\u00dfe Gesundheitsprobleme verursachen.","robots":{"index":"index","follow":"follow","max-snippet":"max-snippet:-1","max-image-preview":"max-image-preview:large","max-video-preview":"max-video-preview:-1"},"canonical":"https:\/\/www.senemasli.com\/de\/zahngesundheit\/wie-sicher-ist-es-waehrend-der-pandemie-zum-zahnarzt-zu-gehen\/","og_locale":"de_DE","og_type":"article","og_title":"Wie sicher ist es, w\u00e4hrend der Pandemie zum Zahnarzt zu gehen? | Dt. S. A. E.","og_description":"Der Versuch, sich unter Pandemiebedingungen von Gesundheitseinrichtungen fernzuhalten, kann auf lange Sicht gro\u00dfe Gesundheitsprobleme verursachen.","og_url":"https:\/\/www.senemasli.com\/de\/zahngesundheit\/wie-sicher-ist-es-waehrend-der-pandemie-zum-zahnarzt-zu-gehen\/","og_site_name":"Zahn\u00e4rztin Senem Asl\u0131 Ek\u015fio\u011flu","article_publisher":"https:\/\/www.facebook.com\/D%c4%b0%c5%9e-HEK%c4%b0M%c4%b0-SENEM-ASLI-EK%c5%9e%c4%b0O%c4%9eLU-204782806266798","article_published_time":"2021-02-09T03:27:28+00:00","article_modified_time":"2021-02-09T03:27:29+00:00","og_image":[{"url":"https:\/\/www.senemasli.com\/wp-content\/uploads\/2015\/08\/tools.jpg","type":"","width":"","height":""}],"author":"senem","twitter_card":"summary_large_image","twitter_title":"Wie sicher ist es, w\u00e4hrend der Pandemie zum Zahnarzt zu gehen? | Dt. SA E.","twitter_description":"Der Versuch, sich unter Pandemiebedingungen von Gesundheitseinrichtungen fernzuhalten, kann auf lange Sicht gro\u00dfe Gesundheitsprobleme verursachen.","twitter_image":"https:\/\/www.senemasli.com\/wp-content\/uploads\/2015\/08\/tools.jpg","twitter_misc":{"Verfasst von":"senem","Gesch\u00e4tzte Lesezeit":"3\u00a0Minuten"},"schema":{"@context":"https:\/\/schema.org","@graph":[{"@type":"Article","@id":"https:\/\/www.senemasli.com\/de\/zahngesundheit\/wie-sicher-ist-es-waehrend-der-pandemie-zum-zahnarzt-zu-gehen\/#article","isPartOf":{"@id":"https:\/\/www.senemasli.com\/de\/zahngesundheit\/wie-sicher-ist-es-waehrend-der-pandemie-zum-zahnarzt-zu-gehen\/"},"author":{"name":"senem","@id":"https:\/\/www.senemasli.com\/de\/#\/schema\/person\/9644db30fdb40b66058696be9163f3db"},"headline":"Wie sicher ist es, w\u00e4hrend der Pandemie zum Zahnarzt zu gehen?","datePublished":"2021-02-09T03:27:28+00:00","dateModified":"2021-02-09T03:27:29+00:00","mainEntityOfPage":{"@id":"https:\/\/www.senemasli.com\/de\/zahngesundheit\/wie-sicher-ist-es-waehrend-der-pandemie-zum-zahnarzt-zu-gehen\/"},"wordCount":705,"commentCount":0,"publisher":{"@id":"https:\/\/www.senemasli.com\/de\/#organization"},"image":{"@id":"https:\/\/www.senemasli.com\/de\/zahngesundheit\/wie-sicher-ist-es-waehrend-der-pandemie-zum-zahnarzt-zu-gehen\/#primaryimage"},"thumbnailUrl":"https:\/\/www.senemasli.com\/wp-content\/uploads\/2015\/08\/tools.jpg","keywords":["Kovid-19"],"articleSection":["Zahngesundheit"],"inLanguage":"de","potentialAction":[{"@type":"CommentAction","name":"Comment","target":["https:\/\/www.senemasli.com\/de\/zahngesundheit\/wie-sicher-ist-es-waehrend-der-pandemie-zum-zahnarzt-zu-gehen\/#respond"]}]},{"@type":"WebPage","@id":"https:\/\/www.senemasli.com\/de\/zahngesundheit\/wie-sicher-ist-es-waehrend-der-pandemie-zum-zahnarzt-zu-gehen\/","url":"https:\/\/www.senemasli.com\/de\/zahngesundheit\/wie-sicher-ist-es-waehrend-der-pandemie-zum-zahnarzt-zu-gehen\/","name":"Wie sicher ist es, w\u00e4hrend der Pandemie zum Zahnarzt zu gehen? - Dt. SA E.","isPartOf":{"@id":"https:\/\/www.senemasli.com\/de\/#website"},"primaryImageOfPage":{"@id":"https:\/\/www.senemasli.com\/de\/zahngesundheit\/wie-sicher-ist-es-waehrend-der-pandemie-zum-zahnarzt-zu-gehen\/#primaryimage"},"image":{"@id":"https:\/\/www.senemasli.com\/de\/zahngesundheit\/wie-sicher-ist-es-waehrend-der-pandemie-zum-zahnarzt-zu-gehen\/#primaryimage"},"thumbnailUrl":"https:\/\/www.senemasli.com\/wp-content\/uploads\/2015\/08\/tools.jpg","datePublished":"2021-02-09T03:27:28+00:00","dateModified":"2021-02-09T03:27:29+00:00","description":"Der Versuch, sich unter Pandemiebedingungen von Gesundheitseinrichtungen fernzuhalten, kann auf lange Sicht gro\u00dfe Gesundheitsprobleme verursachen.","breadcrumb":{"@id":"https:\/\/www.senemasli.com\/de\/zahngesundheit\/wie-sicher-ist-es-waehrend-der-pandemie-zum-zahnarzt-zu-gehen\/#breadcrumb"},"inLanguage":"de","potentialAction":[{"@type":"ReadAction","target":["https:\/\/www.senemasli.com\/de\/zahngesundheit\/wie-sicher-ist-es-waehrend-der-pandemie-zum-zahnarzt-zu-gehen\/"]}]},{"@type":"ImageObject","inLanguage":"de","@id":"https:\/\/www.senemasli.com\/de\/zahngesundheit\/wie-sicher-ist-es-waehrend-der-pandemie-zum-zahnarzt-zu-gehen\/#primaryimage","url":"https:\/\/www.senemasli.com\/wp-content\/uploads\/2015\/08\/tools.jpg","contentUrl":"https:\/\/www.senemasli.com\/wp-content\/uploads\/2015\/08\/tools.jpg","width":1920,"height":1281,"caption":"Sollte sich der Zahnarztbesuch w\u00e4hrend der Pandemie verz\u00f6gern?"},{"@type":"BreadcrumbList","@id":"https:\/\/www.senemasli.com\/de\/zahngesundheit\/wie-sicher-ist-es-waehrend-der-pandemie-zum-zahnarzt-zu-gehen\/#breadcrumb","itemListElement":[{"@type":"ListItem","position":1,"name":"Anasayfa","item":"https:\/\/www.senemasli.com\/de\/"},{"@type":"ListItem","position":2,"name":"Wie sicher ist es, w\u00e4hrend der Pandemie zum Zahnarzt zu gehen?"}]},{"@type":"WebSite","@id":"https:\/\/www.senemasli.com\/de\/#website","url":"https:\/\/www.senemasli.com\/de\/","name":"Zahn\u00e4rztin Senem Asl\u0131 Ek\u015fio\u011flu","description":"Bodrum","publisher":{"@id":"https:\/\/www.senemasli.com\/de\/#organization"},"potentialAction":[{"@type":"SearchAction","target":{"@type":"EntryPoint","urlTemplate":"https:\/\/www.senemasli.com\/de\/?s={search_term_string}"},"query-input":{"@type":"PropertyValueSpecification","valueRequired":true,"valueName":"search_term_string"}}],"inLanguage":"de"},{"@type":"Organization","@id":"https:\/\/www.senemasli.com\/de\/#organization","name":"Zahn\u00e4rztin Senem Asl\u0131 Ek\u015fio\u011flu - Bodrum, Mu\u011fla","url":"https:\/\/www.senemasli.com\/de\/","logo":{"@type":"ImageObject","inLanguage":"de","@id":"https:\/\/www.senemasli.com\/de\/#\/schema\/logo\/image\/","url":"https:\/\/www.senemasli.com\/wp-content\/uploads\/2021\/01\/logo.png","contentUrl":"https:\/\/www.senemasli.com\/wp-content\/uploads\/2021\/01\/logo.png","width":344,"height":120,"caption":"Zahn\u00e4rztin Senem Asl\u0131 Ek\u015fio\u011flu - Bodrum, Mu\u011fla"},"image":{"@id":"https:\/\/www.senemasli.com\/de\/#\/schema\/logo\/image\/"},"sameAs":["https:\/\/www.facebook.com\/D\u0130\u015e-HEK\u0130M\u0130-SENEM-ASLI-EK\u015e\u0130O\u011eLU-204782806266798","https:\/\/www.instagram.com\/snmazoid\/","https:\/\/www.linkedin.com\/in\/senem-asl\u0131-ek\u015fio\u011flu-350235204\/"]},{"@type":"Person","@id":"https:\/\/www.senemasli.com\/de\/#\/schema\/person\/9644db30fdb40b66058696be9163f3db","name":"senem","image":{"@type":"ImageObject","inLanguage":"de","@id":"https:\/\/www.senemasli.com\/de\/#\/schema\/person\/image\/","url":"https:\/\/secure.gravatar.com\/avatar\/d857d5615c2e4c22da4371341050d99ad6efeb92f614cb3ea24d90dd008c0732?s=96&d=mm&r=g","contentUrl":"https:\/\/secure.gravatar.com\/avatar\/d857d5615c2e4c22da4371341050d99ad6efeb92f614cb3ea24d90dd008c0732?s=96&d=mm&r=g","caption":"senem"},"sameAs":["https:\/\/www.senemasli.com"]}]}},"_links":{"self":[{"href":"https:\/\/www.senemasli.com\/de\/wp-json\/wp\/v2\/posts\/2931","targetHints":{"allow":["GET"]}}],"collection":[{"href":"https:\/\/www.senemasli.com\/de\/wp-json\/wp\/v2\/posts"}],"about":[{"href":"https:\/\/www.senemasli.com\/de\/wp-json\/wp\/v2\/types\/post"}],"author":[{"embeddable":true,"href":"https:\/\/www.senemasli.com\/de\/wp-json\/wp\/v2\/users\/1"}],"replies":[{"embeddable":true,"href":"https:\/\/www.senemasli.com\/de\/wp-json\/wp\/v2\/comments?post=2931"}],"version-history":[{"count":1,"href":"https:\/\/www.senemasli.com\/de\/wp-json\/wp\/v2\/posts\/2931\/revisions"}],"predecessor-version":[{"id":2932,"href":"https:\/\/www.senemasli.com\/de\/wp-json\/wp\/v2\/posts\/2931\/revisions\/2932"}],"wp:featuredmedia":[{"embeddable":true,"href":"https:\/\/www.senemasli.com\/de\/wp-json\/wp\/v2\/media\/1644"}],"wp:attachment":[{"href":"https:\/\/www.senemasli.com\/de\/wp-json\/wp\/v2\/media?parent=2931"}],"wp:term":[{"taxonomy":"category","embeddable":true,"href":"https:\/\/www.senemasli.com\/de\/wp-json\/wp\/v2\/categories?post=2931"},{"taxonomy":"post_tag","embeddable":true,"href":"https:\/\/www.senemasli.com\/de\/wp-json\/wp\/v2\/tags?post=2931"}],"curies":[{"name":"wp","href":"https:\/\/api.w.org\/{rel}","templated":true}]}}